{"id":11428,"date":"2025-05-28T23:04:34","date_gmt":"2025-05-29T04:04:34","guid":{"rendered":"https:\/\/fundacionsirenaica.org\/home\/?p=11428"},"modified":"2025-05-28T23:04:37","modified_gmt":"2025-05-29T04:04:37","slug":"la-musica-coral-como-puente-de-inclusion-y-transformacion-social","status":"publish","type":"post","link":"https:\/\/fundacionsirenaica.org\/home\/2025\/05\/28\/la-musica-coral-como-puente-de-inclusion-y-transformacion-social\/","title":{"rendered":"La m\u00fasica coral como puente de inclusi\u00f3n y transformaci\u00f3n social"},"content":{"rendered":"\n<figure class=\"wp-block-image size-full\"><img fetchpriority=\"high\" decoding=\"async\" width=\"1024\" height=\"1024\" src=\"https:\/\/fundacionsirenaica.org\/home\/wp-content\/uploads\/2025\/05\/1.png\" alt=\"\" class=\"wp-image-11429\" srcset=\"https:\/\/fundacionsirenaica.org\/home\/wp-content\/uploads\/2025\/05\/1.png 1024w, https:\/\/fundacionsirenaica.org\/home\/wp-content\/uploads\/2025\/05\/1-300x300.png 300w, https:\/\/fundacionsirenaica.org\/home\/wp-content\/uploads\/2025\/05\/1-150x150.png 150w, https:\/\/fundacionsirenaica.org\/home\/wp-content\/uploads\/2025\/05\/1-768x768.png 768w, https:\/\/fundacionsirenaica.org\/home\/wp-content\/uploads\/2025\/05\/1-600x600.png 600w, https:\/\/fundacionsirenaica.org\/home\/wp-content\/uploads\/2025\/05\/1-100x100.png 100w\" sizes=\"(max-width: 1024px) 100vw, 1024px\" \/><\/figure>\n\n\n\n<h3 class=\"wp-block-heading\"><em>La voz como herramienta de dignidad<\/em><\/h3>\n\n\n\n<p>Cantar en coro no es solo la suma de voces; es un encuentro que nace del cuerpo y el alma, un acto profundamente humano que convoca a reconocer al otro en su diferencia irreductible. Es un gesto pol\u00edtico y \u00e9tico, una forma de habitar el mundo donde cada voz importa y cada silencio tiene su lugar.<\/p>\n\n\n\n<p>En comunidades marcadas por la exclusi\u00f3n y la vulnerabilidad, la m\u00fasica coral se transforma en refugio y escenario para afirmar la dignidad. All\u00ed donde las palabras a veces faltan, el canto colectivo se vuelve un acto de resistencia, un reencuentro con la propia voz y con quienes escuchan y sostienen.<\/p>\n\n\n\n<p>Theodor W. Adorno, en su <em>Filosof\u00eda de la m\u00fasica<\/em>, sostiene que \u201cla m\u00fasica es la expresi\u00f3n del sufrimiento y de la esperanza, un medio para pensar el mundo y, a la vez, para transformarlo\u201d. Esta idea nos invita a pensar la m\u00fasica coral no solo como un arte, sino como un espacio donde se refleja la complejidad de la vida misma: la convivencia entre el dolor y la esperanza, entre el yo y el nosotros. Esa expresi\u00f3n se vuelve, entonces, un di\u00e1logo vivo que abre caminos hacia una transformaci\u00f3n social verdadera. Es en la paciencia, en la escucha profunda y en el respeto por la diferencia donde descubrimos que la libertad no es alzar la voz sin medida, sino saber cu\u00e1ndo ceder el espacio para que el conjunto resuene con fuerza.<\/p>\n\n\n\n<p>La m\u00fasica coral ense\u00f1a que la verdadera libertad nace del cuidado mutuo, de la entrega consciente, de la voluntad de sostenerse y sostener al otro. Es un acto de dignificaci\u00f3n. En el gesto sencillo y radical de cantar juntos, se construye un espacio donde la voz \u2014esa herramienta vital de identidad\u2014 se alza para afirmar la existencia de cada persona. La verdadera transformaci\u00f3n social nace de este reconocimiento: encontrarnos iguales en nuestra diversidad.<\/p>\n\n\n\n<p>En un tiempo donde la fragmentaci\u00f3n y la indiferencia parecen dominar, la m\u00fasica coral nos recuerda que la armon\u00eda no es un ideal lejano, sino una pr\u00e1ctica posible. Se construye nota a nota, silencio a silencio, voz a voz. Cantar en coro es una apuesta por la esperanza, una resistencia sonora que desaf\u00eda el ruido del olvido. Es abrir puertas donde antes hab\u00eda muros, tejer comunidad con hilos invisibles de voz y escucha. En su misterio y belleza, nos invita a descubrir que somos \u2014todos\u2014 m\u00e1s fuertes cuando cantamos al un\u00edsono.<\/p>\n\n\n\n<p><\/p>\n\n\n\n<blockquote class=\"wp-block-quote has-link-color has-medium-font-size wp-elements-be4f53d7afa9c128f9a2ddb195b7e230 is-layout-flow wp-block-quote-is-layout-flow\">\n<p class=\"has-medium-font-size\"><strong>Por: Gissell Cardona Guti\u00e9rrez<\/strong><\/p>\n<\/blockquote>\n\n\n\n<p><\/p>\n","protected":false},"excerpt":{"rendered":"<p>La voz como herramienta de dignidad Cantar en coro no es solo la suma de voces; es un encuentro que nace del cuerpo y el alma, un acto profundamente humano que convoca a reconocer al otro en su diferencia irreductible. Es un gesto pol\u00edtico y \u00e9tico, una forma de habitar el mundo donde cada voz importa y cada silencio tiene su lugar. En comunidades marcadas por la exclusi\u00f3n y la vulnerabilidad, la m\u00fasica coral se transforma en refugio y escenario para afirmar la dignidad. All\u00ed donde las palabras a veces faltan, el canto colectivo se vuelve un acto de resistencia, un reencuentro con la propia voz y con quienes escuchan y sostienen. Theodor W. Adorno, en su Filosof\u00eda de la m\u00fasica, sostiene que \u201cla m\u00fasica es la expresi\u00f3n del sufrimiento y de la esperanza, un medio para pensar el mundo y, a la vez, para transformarlo\u201d. Esta idea nos invita a pensar la m\u00fasica coral no solo como un arte, sino como un espacio donde se refleja la complejidad de la vida misma: la convivencia entre el dolor y la esperanza, entre el yo y el nosotros. Esa expresi\u00f3n se vuelve, entonces, un di\u00e1logo vivo que abre caminos hacia una transformaci\u00f3n social verdadera. Es en la paciencia, en la escucha profunda y en el respeto por la diferencia donde descubrimos que la libertad no es alzar la voz sin medida, sino saber cu\u00e1ndo ceder el espacio para que el conjunto resuene con fuerza. La m\u00fasica coral ense\u00f1a que la verdadera libertad nace del cuidado mutuo, de la entrega consciente, de la voluntad de sostenerse y sostener al otro. Es un acto de dignificaci\u00f3n. En el gesto sencillo y radical de cantar juntos, se construye un espacio donde la voz \u2014esa herramienta vital de identidad\u2014 se alza para afirmar la existencia de cada persona. La verdadera transformaci\u00f3n social nace de este reconocimiento: encontrarnos iguales en nuestra diversidad. En un tiempo donde la fragmentaci\u00f3n y la indiferencia parecen dominar, la m\u00fasica coral nos recuerda que la armon\u00eda no es un ideal lejano, sino una pr\u00e1ctica posible. Se construye nota a nota, silencio a silencio, voz a voz. Cantar en coro es una apuesta por la esperanza, una resistencia sonora que desaf\u00eda el ruido del olvido. Es abrir puertas donde antes hab\u00eda muros, tejer comunidad con hilos invisibles de voz y escucha. En su misterio y belleza, nos invita a descubrir que somos \u2014todos\u2014 m\u00e1s fuertes cuando cantamos al un\u00edsono. Por: Gissell Cardona Guti\u00e9rrez<\/p>\n","protected":false},"author":3122,"featured_media":11429,"comment_status":"open","ping_status":"open","sticky":false,"template":"","format":"standard","meta":{"footnotes":""},"categories":[154],"tags":[170,137,165],"class_list":["post-11428","post","type-post","status-publish","format-standard","has-post-thumbnail","hentry","category-musica-para-todos","tag-blogsirenaica","tag-coros","tag-creatividad"],"yoast_head":"<!-- This site is optimized with the Yoast SEO plugin v27.3 - https:\/\/yoast.com\/product\/yoast-seo-wordpress\/ -->\n<title>La m\u00fasica coral como puente de inclusi\u00f3n y transformaci\u00f3n social - Fundaci\u00f3n Sirenaica<\/title>\n<meta name=\"robots\" content=\"index, follow, max-snippet:-1, max-image-preview:large, max-video-preview:-1\" \/>\n<link rel=\"canonical\" href=\"https:\/\/fundacionsirenaica.org\/home\/2025\/05\/28\/la-musica-coral-como-puente-de-inclusion-y-transformacion-social\/\" \/>\n<meta property=\"og:locale\" content=\"es_ES\" \/>\n<meta property=\"og:type\" content=\"article\" \/>\n<meta property=\"og:title\" content=\"La m\u00fasica coral como puente de inclusi\u00f3n y transformaci\u00f3n social - Fundaci\u00f3n Sirenaica\" \/>\n<meta property=\"og:description\" content=\"La voz como herramienta de dignidad Cantar en coro no es solo la suma de voces; es un encuentro que nace del cuerpo y el alma, un acto profundamente humano que convoca a reconocer al otro en su diferencia irreductible. Es un gesto pol\u00edtico y \u00e9tico, una forma de habitar el mundo donde cada voz importa y cada silencio tiene su lugar. En comunidades marcadas por la exclusi\u00f3n y la vulnerabilidad, la m\u00fasica coral se transforma en refugio y escenario para afirmar la dignidad. All\u00ed donde las palabras a veces faltan, el canto colectivo se vuelve un acto de resistencia, un reencuentro con la propia voz y con quienes escuchan y sostienen. Theodor W. Adorno, en su Filosof\u00eda de la m\u00fasica, sostiene que \u201cla m\u00fasica es la expresi\u00f3n del sufrimiento y de la esperanza, un medio para pensar el mundo y, a la vez, para transformarlo\u201d. Esta idea nos invita a pensar la m\u00fasica coral no solo como un arte, sino como un espacio donde se refleja la complejidad de la vida misma: la convivencia entre el dolor y la esperanza, entre el yo y el nosotros. Esa expresi\u00f3n se vuelve, entonces, un di\u00e1logo vivo que abre caminos hacia una transformaci\u00f3n social verdadera. Es en la paciencia, en la escucha profunda y en el respeto por la diferencia donde descubrimos que la libertad no es alzar la voz sin medida, sino saber cu\u00e1ndo ceder el espacio para que el conjunto resuene con fuerza. La m\u00fasica coral ense\u00f1a que la verdadera libertad nace del cuidado mutuo, de la entrega consciente, de la voluntad de sostenerse y sostener al otro. Es un acto de dignificaci\u00f3n. En el gesto sencillo y radical de cantar juntos, se construye un espacio donde la voz \u2014esa herramienta vital de identidad\u2014 se alza para afirmar la existencia de cada persona. La verdadera transformaci\u00f3n social nace de este reconocimiento: encontrarnos iguales en nuestra diversidad. En un tiempo donde la fragmentaci\u00f3n y la indiferencia parecen dominar, la m\u00fasica coral nos recuerda que la armon\u00eda no es un ideal lejano, sino una pr\u00e1ctica posible. Se construye nota a nota, silencio a silencio, voz a voz. Cantar en coro es una apuesta por la esperanza, una resistencia sonora que desaf\u00eda el ruido del olvido. Es abrir puertas donde antes hab\u00eda muros, tejer comunidad con hilos invisibles de voz y escucha. En su misterio y belleza, nos invita a descubrir que somos \u2014todos\u2014 m\u00e1s fuertes cuando cantamos al un\u00edsono. Por: Gissell Cardona Guti\u00e9rrez\" \/>\n<meta property=\"og:url\" content=\"https:\/\/fundacionsirenaica.org\/home\/2025\/05\/28\/la-musica-coral-como-puente-de-inclusion-y-transformacion-social\/\" \/>\n<meta property=\"og:site_name\" content=\"Fundaci\u00f3n Sirenaica\" \/>\n<meta property=\"article:published_time\" content=\"2025-05-29T04:04:34+00:00\" \/>\n<meta property=\"article:modified_time\" content=\"2025-05-29T04:04:37+00:00\" \/>\n<meta property=\"og:image\" content=\"https:\/\/fundacionsirenaica.org\/home\/wp-content\/uploads\/2025\/05\/1.png\" \/>\n\t<meta property=\"og:image:width\" content=\"1024\" \/>\n\t<meta property=\"og:image:height\" content=\"1024\" \/>\n\t<meta property=\"og:image:type\" content=\"image\/png\" \/>\n<meta name=\"author\" content=\"Gisselle Sirenaica\" \/>\n<meta name=\"twitter:card\" content=\"summary_large_image\" \/>\n<meta name=\"twitter:label1\" content=\"Escrito por\" \/>\n\t<meta name=\"twitter:data1\" content=\"Gisselle Sirenaica\" \/>\n\t<meta name=\"twitter:label2\" content=\"Tiempo de lectura\" \/>\n\t<meta name=\"twitter:data2\" content=\"3 minutos\" \/>\n<script type=\"application\/ld+json\" class=\"yoast-schema-graph\">{\"@context\":\"https:\\\/\\\/schema.org\",\"@graph\":[{\"@type\":\"Article\",\"@id\":\"https:\\\/\\\/fundacionsirenaica.org\\\/home\\\/2025\\\/05\\\/28\\\/la-musica-coral-como-puente-de-inclusion-y-transformacion-social\\\/#article\",\"isPartOf\":{\"@id\":\"https:\\\/\\\/fundacionsirenaica.org\\\/home\\\/2025\\\/05\\\/28\\\/la-musica-coral-como-puente-de-inclusion-y-transformacion-social\\\/\"},\"author\":{\"name\":\"Gisselle Sirenaica\",\"@id\":\"https:\\\/\\\/fundacionsirenaica.org\\\/home\\\/#\\\/schema\\\/person\\\/15f3a8e549db019da5ed53b6937ad116\"},\"headline\":\"La m\u00fasica coral como puente de inclusi\u00f3n y transformaci\u00f3n social\",\"datePublished\":\"2025-05-29T04:04:34+00:00\",\"dateModified\":\"2025-05-29T04:04:37+00:00\",\"mainEntityOfPage\":{\"@id\":\"https:\\\/\\\/fundacionsirenaica.org\\\/home\\\/2025\\\/05\\\/28\\\/la-musica-coral-como-puente-de-inclusion-y-transformacion-social\\\/\"},\"wordCount\":449,\"commentCount\":0,\"publisher\":{\"@id\":\"https:\\\/\\\/fundacionsirenaica.org\\\/home\\\/#organization\"},\"image\":{\"@id\":\"https:\\\/\\\/fundacionsirenaica.org\\\/home\\\/2025\\\/05\\\/28\\\/la-musica-coral-como-puente-de-inclusion-y-transformacion-social\\\/#primaryimage\"},\"thumbnailUrl\":\"https:\\\/\\\/fundacionsirenaica.org\\\/home\\\/wp-content\\\/uploads\\\/2025\\\/05\\\/1.png\",\"keywords\":[\"BlogSirenaica\",\"coros\",\"creatividad\"],\"articleSection\":[\"M\u00fasica para todos\"],\"inLanguage\":\"es\",\"potentialAction\":[{\"@type\":\"CommentAction\",\"name\":\"Comment\",\"target\":[\"https:\\\/\\\/fundacionsirenaica.org\\\/home\\\/2025\\\/05\\\/28\\\/la-musica-coral-como-puente-de-inclusion-y-transformacion-social\\\/#respond\"]}]},{\"@type\":\"WebPage\",\"@id\":\"https:\\\/\\\/fundacionsirenaica.org\\\/home\\\/2025\\\/05\\\/28\\\/la-musica-coral-como-puente-de-inclusion-y-transformacion-social\\\/\",\"url\":\"https:\\\/\\\/fundacionsirenaica.org\\\/home\\\/2025\\\/05\\\/28\\\/la-musica-coral-como-puente-de-inclusion-y-transformacion-social\\\/\",\"name\":\"La m\u00fasica coral como puente de inclusi\u00f3n y transformaci\u00f3n social - Fundaci\u00f3n Sirenaica\",\"isPartOf\":{\"@id\":\"https:\\\/\\\/fundacionsirenaica.org\\\/home\\\/#website\"},\"primaryImageOfPage\":{\"@id\":\"https:\\\/\\\/fundacionsirenaica.org\\\/home\\\/2025\\\/05\\\/28\\\/la-musica-coral-como-puente-de-inclusion-y-transformacion-social\\\/#primaryimage\"},\"image\":{\"@id\":\"https:\\\/\\\/fundacionsirenaica.org\\\/home\\\/2025\\\/05\\\/28\\\/la-musica-coral-como-puente-de-inclusion-y-transformacion-social\\\/#primaryimage\"},\"thumbnailUrl\":\"https:\\\/\\\/fundacionsirenaica.org\\\/home\\\/wp-content\\\/uploads\\\/2025\\\/05\\\/1.png\",\"datePublished\":\"2025-05-29T04:04:34+00:00\",\"dateModified\":\"2025-05-29T04:04:37+00:00\",\"breadcrumb\":{\"@id\":\"https:\\\/\\\/fundacionsirenaica.org\\\/home\\\/2025\\\/05\\\/28\\\/la-musica-coral-como-puente-de-inclusion-y-transformacion-social\\\/#breadcrumb\"},\"inLanguage\":\"es\",\"potentialAction\":[{\"@type\":\"ReadAction\",\"target\":[\"https:\\\/\\\/fundacionsirenaica.org\\\/home\\\/2025\\\/05\\\/28\\\/la-musica-coral-como-puente-de-inclusion-y-transformacion-social\\\/\"]}]},{\"@type\":\"ImageObject\",\"inLanguage\":\"es\",\"@id\":\"https:\\\/\\\/fundacionsirenaica.org\\\/home\\\/2025\\\/05\\\/28\\\/la-musica-coral-como-puente-de-inclusion-y-transformacion-social\\\/#primaryimage\",\"url\":\"https:\\\/\\\/fundacionsirenaica.org\\\/home\\\/wp-content\\\/uploads\\\/2025\\\/05\\\/1.png\",\"contentUrl\":\"https:\\\/\\\/fundacionsirenaica.org\\\/home\\\/wp-content\\\/uploads\\\/2025\\\/05\\\/1.png\",\"width\":1024,\"height\":1024},{\"@type\":\"BreadcrumbList\",\"@id\":\"https:\\\/\\\/fundacionsirenaica.org\\\/home\\\/2025\\\/05\\\/28\\\/la-musica-coral-como-puente-de-inclusion-y-transformacion-social\\\/#breadcrumb\",\"itemListElement\":[{\"@type\":\"ListItem\",\"position\":1,\"name\":\"Portada\",\"item\":\"https:\\\/\\\/fundacionsirenaica.org\\\/home\\\/\"},{\"@type\":\"ListItem\",\"position\":2,\"name\":\"La m\u00fasica coral como puente de inclusi\u00f3n y transformaci\u00f3n social\"}]},{\"@type\":\"WebSite\",\"@id\":\"https:\\\/\\\/fundacionsirenaica.org\\\/home\\\/#website\",\"url\":\"https:\\\/\\\/fundacionsirenaica.org\\\/home\\\/\",\"name\":\"Fundaci\u00f3n Sirenaica\",\"description\":\"\",\"publisher\":{\"@id\":\"https:\\\/\\\/fundacionsirenaica.org\\\/home\\\/#organization\"},\"potentialAction\":[{\"@type\":\"SearchAction\",\"target\":{\"@type\":\"EntryPoint\",\"urlTemplate\":\"https:\\\/\\\/fundacionsirenaica.org\\\/home\\\/?s={search_term_string}\"},\"query-input\":{\"@type\":\"PropertyValueSpecification\",\"valueRequired\":true,\"valueName\":\"search_term_string\"}}],\"inLanguage\":\"es\"},{\"@type\":\"Organization\",\"@id\":\"https:\\\/\\\/fundacionsirenaica.org\\\/home\\\/#organization\",\"name\":\"Fundaci\u00f3n Sirenaica\",\"url\":\"https:\\\/\\\/fundacionsirenaica.org\\\/home\\\/\",\"logo\":{\"@type\":\"ImageObject\",\"inLanguage\":\"es\",\"@id\":\"https:\\\/\\\/fundacionsirenaica.org\\\/home\\\/#\\\/schema\\\/logo\\\/image\\\/\",\"url\":\"https:\\\/\\\/fundacionsirenaica.org\\\/home\\\/wp-content\\\/uploads\\\/2024\\\/08\\\/Logo-Sireniaca-Nuevo.webp\",\"contentUrl\":\"https:\\\/\\\/fundacionsirenaica.org\\\/home\\\/wp-content\\\/uploads\\\/2024\\\/08\\\/Logo-Sireniaca-Nuevo.webp\",\"width\":800,\"height\":309,\"caption\":\"Fundaci\u00f3n Sirenaica\"},\"image\":{\"@id\":\"https:\\\/\\\/fundacionsirenaica.org\\\/home\\\/#\\\/schema\\\/logo\\\/image\\\/\"}},{\"@type\":\"Person\",\"@id\":\"https:\\\/\\\/fundacionsirenaica.org\\\/home\\\/#\\\/schema\\\/person\\\/15f3a8e549db019da5ed53b6937ad116\",\"name\":\"Gisselle Sirenaica\",\"image\":{\"@type\":\"ImageObject\",\"inLanguage\":\"es\",\"@id\":\"https:\\\/\\\/secure.gravatar.com\\\/avatar\\\/8bd212f13c0d4605443cd9741648ea703fca6a275dc4aa65dd4f5d34230f936a?s=96&d=mm&r=g\",\"url\":\"https:\\\/\\\/secure.gravatar.com\\\/avatar\\\/8bd212f13c0d4605443cd9741648ea703fca6a275dc4aa65dd4f5d34230f936a?s=96&d=mm&r=g\",\"contentUrl\":\"https:\\\/\\\/secure.gravatar.com\\\/avatar\\\/8bd212f13c0d4605443cd9741648ea703fca6a275dc4aa65dd4f5d34230f936a?s=96&d=mm&r=g\",\"caption\":\"Gisselle Sirenaica\"},\"url\":\"https:\\\/\\\/fundacionsirenaica.org\\\/home\\\/author\\\/gisselle\\\/\"}]}<\/script>\n<!-- \/ Yoast SEO plugin. -->","yoast_head_json":{"title":"La m\u00fasica coral como puente de inclusi\u00f3n y transformaci\u00f3n social - Fundaci\u00f3n Sirenaica","robots":{"index":"index","follow":"follow","max-snippet":"max-snippet:-1","max-image-preview":"max-image-preview:large","max-video-preview":"max-video-preview:-1"},"canonical":"https:\/\/fundacionsirenaica.org\/home\/2025\/05\/28\/la-musica-coral-como-puente-de-inclusion-y-transformacion-social\/","og_locale":"es_ES","og_type":"article","og_title":"La m\u00fasica coral como puente de inclusi\u00f3n y transformaci\u00f3n social - Fundaci\u00f3n Sirenaica","og_description":"La voz como herramienta de dignidad Cantar en coro no es solo la suma de voces; es un encuentro que nace del cuerpo y el alma, un acto profundamente humano que convoca a reconocer al otro en su diferencia irreductible. Es un gesto pol\u00edtico y \u00e9tico, una forma de habitar el mundo donde cada voz importa y cada silencio tiene su lugar. En comunidades marcadas por la exclusi\u00f3n y la vulnerabilidad, la m\u00fasica coral se transforma en refugio y escenario para afirmar la dignidad. All\u00ed donde las palabras a veces faltan, el canto colectivo se vuelve un acto de resistencia, un reencuentro con la propia voz y con quienes escuchan y sostienen. Theodor W. Adorno, en su Filosof\u00eda de la m\u00fasica, sostiene que \u201cla m\u00fasica es la expresi\u00f3n del sufrimiento y de la esperanza, un medio para pensar el mundo y, a la vez, para transformarlo\u201d. Esta idea nos invita a pensar la m\u00fasica coral no solo como un arte, sino como un espacio donde se refleja la complejidad de la vida misma: la convivencia entre el dolor y la esperanza, entre el yo y el nosotros. Esa expresi\u00f3n se vuelve, entonces, un di\u00e1logo vivo que abre caminos hacia una transformaci\u00f3n social verdadera. Es en la paciencia, en la escucha profunda y en el respeto por la diferencia donde descubrimos que la libertad no es alzar la voz sin medida, sino saber cu\u00e1ndo ceder el espacio para que el conjunto resuene con fuerza. La m\u00fasica coral ense\u00f1a que la verdadera libertad nace del cuidado mutuo, de la entrega consciente, de la voluntad de sostenerse y sostener al otro. Es un acto de dignificaci\u00f3n. En el gesto sencillo y radical de cantar juntos, se construye un espacio donde la voz \u2014esa herramienta vital de identidad\u2014 se alza para afirmar la existencia de cada persona. La verdadera transformaci\u00f3n social nace de este reconocimiento: encontrarnos iguales en nuestra diversidad. En un tiempo donde la fragmentaci\u00f3n y la indiferencia parecen dominar, la m\u00fasica coral nos recuerda que la armon\u00eda no es un ideal lejano, sino una pr\u00e1ctica posible. Se construye nota a nota, silencio a silencio, voz a voz. Cantar en coro es una apuesta por la esperanza, una resistencia sonora que desaf\u00eda el ruido del olvido. Es abrir puertas donde antes hab\u00eda muros, tejer comunidad con hilos invisibles de voz y escucha. En su misterio y belleza, nos invita a descubrir que somos \u2014todos\u2014 m\u00e1s fuertes cuando cantamos al un\u00edsono. Por: Gissell Cardona Guti\u00e9rrez","og_url":"https:\/\/fundacionsirenaica.org\/home\/2025\/05\/28\/la-musica-coral-como-puente-de-inclusion-y-transformacion-social\/","og_site_name":"Fundaci\u00f3n Sirenaica","article_published_time":"2025-05-29T04:04:34+00:00","article_modified_time":"2025-05-29T04:04:37+00:00","og_image":[{"width":1024,"height":1024,"url":"https:\/\/fundacionsirenaica.org\/home\/wp-content\/uploads\/2025\/05\/1.png","type":"image\/png"}],"author":"Gisselle Sirenaica","twitter_card":"summary_large_image","twitter_misc":{"Escrito por":"Gisselle Sirenaica","Tiempo de lectura":"3 minutos"},"schema":{"@context":"https:\/\/schema.org","@graph":[{"@type":"Article","@id":"https:\/\/fundacionsirenaica.org\/home\/2025\/05\/28\/la-musica-coral-como-puente-de-inclusion-y-transformacion-social\/#article","isPartOf":{"@id":"https:\/\/fundacionsirenaica.org\/home\/2025\/05\/28\/la-musica-coral-como-puente-de-inclusion-y-transformacion-social\/"},"author":{"name":"Gisselle Sirenaica","@id":"https:\/\/fundacionsirenaica.org\/home\/#\/schema\/person\/15f3a8e549db019da5ed53b6937ad116"},"headline":"La m\u00fasica coral como puente de inclusi\u00f3n y transformaci\u00f3n social","datePublished":"2025-05-29T04:04:34+00:00","dateModified":"2025-05-29T04:04:37+00:00","mainEntityOfPage":{"@id":"https:\/\/fundacionsirenaica.org\/home\/2025\/05\/28\/la-musica-coral-como-puente-de-inclusion-y-transformacion-social\/"},"wordCount":449,"commentCount":0,"publisher":{"@id":"https:\/\/fundacionsirenaica.org\/home\/#organization"},"image":{"@id":"https:\/\/fundacionsirenaica.org\/home\/2025\/05\/28\/la-musica-coral-como-puente-de-inclusion-y-transformacion-social\/#primaryimage"},"thumbnailUrl":"https:\/\/fundacionsirenaica.org\/home\/wp-content\/uploads\/2025\/05\/1.png","keywords":["BlogSirenaica","coros","creatividad"],"articleSection":["M\u00fasica para todos"],"inLanguage":"es","potentialAction":[{"@type":"CommentAction","name":"Comment","target":["https:\/\/fundacionsirenaica.org\/home\/2025\/05\/28\/la-musica-coral-como-puente-de-inclusion-y-transformacion-social\/#respond"]}]},{"@type":"WebPage","@id":"https:\/\/fundacionsirenaica.org\/home\/2025\/05\/28\/la-musica-coral-como-puente-de-inclusion-y-transformacion-social\/","url":"https:\/\/fundacionsirenaica.org\/home\/2025\/05\/28\/la-musica-coral-como-puente-de-inclusion-y-transformacion-social\/","name":"La m\u00fasica coral como puente de inclusi\u00f3n y transformaci\u00f3n social - Fundaci\u00f3n Sirenaica","isPartOf":{"@id":"https:\/\/fundacionsirenaica.org\/home\/#website"},"primaryImageOfPage":{"@id":"https:\/\/fundacionsirenaica.org\/home\/2025\/05\/28\/la-musica-coral-como-puente-de-inclusion-y-transformacion-social\/#primaryimage"},"image":{"@id":"https:\/\/fundacionsirenaica.org\/home\/2025\/05\/28\/la-musica-coral-como-puente-de-inclusion-y-transformacion-social\/#primaryimage"},"thumbnailUrl":"https:\/\/fundacionsirenaica.org\/home\/wp-content\/uploads\/2025\/05\/1.png","datePublished":"2025-05-29T04:04:34+00:00","dateModified":"2025-05-29T04:04:37+00:00","breadcrumb":{"@id":"https:\/\/fundacionsirenaica.org\/home\/2025\/05\/28\/la-musica-coral-como-puente-de-inclusion-y-transformacion-social\/#breadcrumb"},"inLanguage":"es","potentialAction":[{"@type":"ReadAction","target":["https:\/\/fundacionsirenaica.org\/home\/2025\/05\/28\/la-musica-coral-como-puente-de-inclusion-y-transformacion-social\/"]}]},{"@type":"ImageObject","inLanguage":"es","@id":"https:\/\/fundacionsirenaica.org\/home\/2025\/05\/28\/la-musica-coral-como-puente-de-inclusion-y-transformacion-social\/#primaryimage","url":"https:\/\/fundacionsirenaica.org\/home\/wp-content\/uploads\/2025\/05\/1.png","contentUrl":"https:\/\/fundacionsirenaica.org\/home\/wp-content\/uploads\/2025\/05\/1.png","width":1024,"height":1024},{"@type":"BreadcrumbList","@id":"https:\/\/fundacionsirenaica.org\/home\/2025\/05\/28\/la-musica-coral-como-puente-de-inclusion-y-transformacion-social\/#breadcrumb","itemListElement":[{"@type":"ListItem","position":1,"name":"Portada","item":"https:\/\/fundacionsirenaica.org\/home\/"},{"@type":"ListItem","position":2,"name":"La m\u00fasica coral como puente de inclusi\u00f3n y transformaci\u00f3n social"}]},{"@type":"WebSite","@id":"https:\/\/fundacionsirenaica.org\/home\/#website","url":"https:\/\/fundacionsirenaica.org\/home\/","name":"Fundaci\u00f3n Sirenaica","description":"","publisher":{"@id":"https:\/\/fundacionsirenaica.org\/home\/#organization"},"potentialAction":[{"@type":"SearchAction","target":{"@type":"EntryPoint","urlTemplate":"https:\/\/fundacionsirenaica.org\/home\/?s={search_term_string}"},"query-input":{"@type":"PropertyValueSpecification","valueRequired":true,"valueName":"search_term_string"}}],"inLanguage":"es"},{"@type":"Organization","@id":"https:\/\/fundacionsirenaica.org\/home\/#organization","name":"Fundaci\u00f3n Sirenaica","url":"https:\/\/fundacionsirenaica.org\/home\/","logo":{"@type":"ImageObject","inLanguage":"es","@id":"https:\/\/fundacionsirenaica.org\/home\/#\/schema\/logo\/image\/","url":"https:\/\/fundacionsirenaica.org\/home\/wp-content\/uploads\/2024\/08\/Logo-Sireniaca-Nuevo.webp","contentUrl":"https:\/\/fundacionsirenaica.org\/home\/wp-content\/uploads\/2024\/08\/Logo-Sireniaca-Nuevo.webp","width":800,"height":309,"caption":"Fundaci\u00f3n Sirenaica"},"image":{"@id":"https:\/\/fundacionsirenaica.org\/home\/#\/schema\/logo\/image\/"}},{"@type":"Person","@id":"https:\/\/fundacionsirenaica.org\/home\/#\/schema\/person\/15f3a8e549db019da5ed53b6937ad116","name":"Gisselle Sirenaica","image":{"@type":"ImageObject","inLanguage":"es","@id":"https:\/\/secure.gravatar.com\/avatar\/8bd212f13c0d4605443cd9741648ea703fca6a275dc4aa65dd4f5d34230f936a?s=96&d=mm&r=g","url":"https:\/\/secure.gravatar.com\/avatar\/8bd212f13c0d4605443cd9741648ea703fca6a275dc4aa65dd4f5d34230f936a?s=96&d=mm&r=g","contentUrl":"https:\/\/secure.gravatar.com\/avatar\/8bd212f13c0d4605443cd9741648ea703fca6a275dc4aa65dd4f5d34230f936a?s=96&d=mm&r=g","caption":"Gisselle Sirenaica"},"url":"https:\/\/fundacionsirenaica.org\/home\/author\/gisselle\/"}]}},"_links":{"self":[{"href":"https:\/\/fundacionsirenaica.org\/home\/wp-json\/wp\/v2\/posts\/11428","targetHints":{"allow":["GET"]}}],"collection":[{"href":"https:\/\/fundacionsirenaica.org\/home\/wp-json\/wp\/v2\/posts"}],"about":[{"href":"https:\/\/fundacionsirenaica.org\/home\/wp-json\/wp\/v2\/types\/post"}],"author":[{"embeddable":true,"href":"https:\/\/fundacionsirenaica.org\/home\/wp-json\/wp\/v2\/users\/3122"}],"replies":[{"embeddable":true,"href":"https:\/\/fundacionsirenaica.org\/home\/wp-json\/wp\/v2\/comments?post=11428"}],"version-history":[{"count":1,"href":"https:\/\/fundacionsirenaica.org\/home\/wp-json\/wp\/v2\/posts\/11428\/revisions"}],"predecessor-version":[{"id":11430,"href":"https:\/\/fundacionsirenaica.org\/home\/wp-json\/wp\/v2\/posts\/11428\/revisions\/11430"}],"wp:featuredmedia":[{"embeddable":true,"href":"https:\/\/fundacionsirenaica.org\/home\/wp-json\/wp\/v2\/media\/11429"}],"wp:attachment":[{"href":"https:\/\/fundacionsirenaica.org\/home\/wp-json\/wp\/v2\/media?parent=11428"}],"wp:term":[{"taxonomy":"category","embeddable":true,"href":"https:\/\/fundacionsirenaica.org\/home\/wp-json\/wp\/v2\/categories?post=11428"},{"taxonomy":"post_tag","embeddable":true,"href":"https:\/\/fundacionsirenaica.org\/home\/wp-json\/wp\/v2\/tags?post=11428"}],"curies":[{"name":"wp","href":"https:\/\/api.w.org\/{rel}","templated":true}]}}