{"id":8265,"global_id":"fundacionsirenaica.org\/home?id=8265","global_id_lineage":["fundacionsirenaica.org\/home?id=8265"],"author":"1","status":"publish","date":"2020-03-26 22:33:53","date_utc":"2020-03-27 03:33:53","modified":"2020-03-26 22:33:53","modified_utc":"2020-03-27 03:33:53","url":"https:\/\/fundacionsirenaica.org\/home\/evento\/conciertos-de-nuestros-diferentes-coros-3\/","rest_url":"https:\/\/fundacionsirenaica.org\/home\/wp-json\/tribe\/events\/v1\/events\/8265","title":"Conciertos de Nuestros Diferentes Coros","description":"<p>Concierto del Semillero Coral.<\/p>","excerpt":"","slug":"conciertos-de-nuestros-diferentes-coros-3","image":false,"all_day":false,"start_date":"2020-07-06 08:00:00","start_date_details":{"year":"2020","month":"07","day":"06","hour":"08","minutes":"00","seconds":"00"},"end_date":"2020-07-06 17:00:00","end_date_details":{"year":"2020","month":"07","day":"06","hour":"17","minutes":"00","seconds":"00"},"utc_start_date":"2020-07-06 13:00:00","utc_start_date_details":{"year":"2020","month":"07","day":"06","hour":"13","minutes":"00","seconds":"00"},"utc_end_date":"2020-07-06 22:00:00","utc_end_date_details":{"year":"2020","month":"07","day":"06","hour":"22","minutes":"00","seconds":"00"},"timezone":"America\/Bogota","timezone_abbr":"BMT","cost":"","cost_details":{"currency_symbol":"","currency_code":"","currency_position":"suffix","values":[]},"website":"","show_map":true,"show_map_link":true,"hide_from_listings":false,"sticky":false,"featured":false,"categories":[{"name":"Conciertos","slug":"conciertos","term_group":0,"term_taxonomy_id":31,"taxonomy":"tribe_events_cat","description":"","parent":0,"count":21,"filter":"raw","id":31,"urls":{"self":"https:\/\/fundacionsirenaica.org\/home\/wp-json\/tribe\/events\/v1\/categories\/31","collection":"https:\/\/fundacionsirenaica.org\/home\/wp-json\/tribe\/events\/v1\/categories"}}],"tags":[],"venue":{"id":6954,"author":"1","status":"publish","date":"2016-08-27 15:25:14","date_utc":"2016-08-27 20:25:14","modified":"2016-08-27 15:25:14","modified_utc":"2016-08-27 20:25:14","url":"https:\/\/fundacionsirenaica.org\/home\/recinto\/cafe-teatro-pablo-tobon\/","venue":"Caf\u00e9 Teatro Pablo Tob\u00f3n","slug":"cafe-teatro-pablo-tobon","city":"Medell\u00edn","country":"Colombia","json_ld":{"@type":"Place","name":"Caf\u00e9 Teatro Pablo Tob\u00f3n","description":"","url":"","address":{"@type":"PostalAddress","addressLocality":"Medell\u00edn","addressCountry":"Colombia"},"telephone":"","sameAs":""},"show_map":true,"show_map_link":true,"global_id":"fundacionsirenaica.org\/home?id=6954","global_id_lineage":["fundacionsirenaica.org\/home?id=6954"]},"organizer":[],"custom_fields":[],"json_ld":{"@context":"http:\/\/schema.org","@type":"Event","name":"Conciertos de Nuestros Diferentes Coros","description":"&lt;p&gt;Concierto del Semillero Coral.&lt;\/p&gt;\\n","url":"https:\/\/fundacionsirenaica.org\/home\/evento\/conciertos-de-nuestros-diferentes-coros-3\/","eventAttendanceMode":"https:\/\/schema.org\/OfflineEventAttendanceMode","eventStatus":"https:\/\/schema.org\/EventScheduled","startDate":"2020-07-06T08:00:00-05:00","endDate":"2020-07-06T17:00:00-05:00","location":{"@type":"Place","name":"Caf\u00e9 Teatro Pablo Tob\u00f3n","description":"","url":"","address":{"@type":"PostalAddress","addressLocality":"Medell\u00edn","addressCountry":"Colombia"},"telephone":"","sameAs":""},"performer":"Organization"}}